{"id":8930,"date":"2023-11-29T09:07:35","date_gmt":"2023-11-29T09:07:35","guid":{"rendered":"https:\/\/divilux.pt\/?p=8930"},"modified":"2025-12-10T11:53:21","modified_gmt":"2025-12-10T11:53:21","slug":"participation-in-maisconcreta-2023","status":"publish","type":"post","link":"https:\/\/divilux.pt\/en\/participation-in-maisconcreta-2023\/","title":{"rendered":"Participation in +Concreta 2023"},"content":{"rendered":"\n<p>On the 16th and 17th of November, <strong>Divilux<\/strong> had the honor of participating in the 1st edition of +Concreta 2023.<\/p>\n\n<p><strong>+Concreta 2023<\/strong>, themed &#8220;The Future is Ecological,&#8221; proved to be an extraordinary and exclusive event in the field of architectural finishes, surpassing our expectations.<\/p>\n\n<p>The chosen venue for the event, the Alf\u00e2ndega do Porto building, provided a unique and enriching atmosphere, adding a special dimension to the experience.<\/p>\n\n<p>The inclusion of architecture conferences was a notable attraction, offering a perfect complement to the event.<\/p>\n\n<p>We had the opportunity to interact with a diverse range of professionals and potential business partners, and we believe that these connections will significantly contribute to the ongoing growth and development of our company.<\/p>\n\n<figure class=\"wp-block-gallery has-nested-images columns-default is-cropped wp-block-gallery-1 is-layout-flex wp-block-gallery-is-layout-flex\">\n<figure class=\"wp-block-image size-full\"><img alt=\"Exposi\u00e7\u00e3o de produtos Divilux em feira de constru\u00e7\u00e3o.\" loading=\"lazy\" decoding=\"async\" width=\"1000\" height=\"667\" data-id=\"9100\" src=\"https:\/\/divilux.pt\/wp-content\/uploads\/2023\/11\/Divilux_Concreta_8.jpg\" alt=\"\" class=\"wp-image-9100\"\/><\/figure>\n\n\n\n<figure class=\"wp-block-image size-large\"><img alt=\"Equipe apresenta amostras de janelas em exposi\u00e7\u00e3o.\" loading=\"lazy\" decoding=\"async\" width=\"1000\" height=\"667\" data-id=\"9047\" src=\"https:\/\/divilux.pt\/wp-content\/uploads\/2023\/11\/Divilux_Concreta_7-1.jpg\" alt=\"\" class=\"wp-image-9047\"\/><\/figure>\n<\/figure>\n\n<figure class=\"wp-block-gallery has-nested-images columns-default is-cropped wp-block-gallery-2 is-layout-flex wp-block-gallery-is-layout-flex\">\n<figure class=\"wp-block-image size-large\"><img alt=\"Modelos de perfis de janelas em exposi\u00e7\u00e3o\" loading=\"lazy\" decoding=\"async\" width=\"1000\" height=\"1500\" data-id=\"9023\" src=\"https:\/\/divilux.pt\/wp-content\/uploads\/2023\/11\/Divilux_Concreta_1-1.jpg\" alt=\"\" class=\"wp-image-9023\"\/><\/figure>\n\n\n\n<figure class=\"wp-block-image size-large\"><img alt=\"Mulheres analisam cat\u00e1logos em exposi\u00e7\u00e3o de design\" loading=\"lazy\" decoding=\"async\" width=\"1000\" height=\"1500\" data-id=\"9031\" src=\"https:\/\/divilux.pt\/wp-content\/uploads\/2023\/11\/Divilux_Concreta_3-1.jpg\" alt=\"\" class=\"wp-image-9031\"\/><\/figure>\n\n\n\n<figure class=\"wp-block-image size-full\"><img alt=\"Perfil de alum\u00ednio para montagem de estruturas.\" loading=\"lazy\" decoding=\"async\" width=\"1000\" height=\"1500\" data-id=\"9087\" src=\"https:\/\/divilux.pt\/wp-content\/uploads\/2023\/11\/Divilux_Concreta_19-1.jpg\" alt=\"\" class=\"wp-image-9087\"\/><\/figure>\n\n\n\n<figure class=\"wp-block-image size-large\"><img alt=\"Exposi\u00e7\u00e3o de produtos e materiais Divilux na Concreta\" loading=\"lazy\" decoding=\"async\" width=\"1000\" height=\"1500\" data-id=\"9051\" src=\"https:\/\/divilux.pt\/wp-content\/uploads\/2023\/11\/Divilux_Concreta_9-1.jpg\" alt=\"\" class=\"wp-image-9051\"\/><\/figure>\n\n\n\n<figure class=\"wp-block-image size-large\"><img alt=\"Cart\u00f5es Divilux sobre tapete cinza\" loading=\"lazy\" decoding=\"async\" width=\"1000\" height=\"1500\" data-id=\"9055\" src=\"https:\/\/divilux.pt\/wp-content\/uploads\/2023\/11\/Divilux_Concreta_10-1.jpg\" alt=\"\" class=\"wp-image-9055\"\/><\/figure>\n\n\n\n<figure class=\"wp-block-image size-large\"><img alt=\"Saco de pano com padr\u00e3o geom\u00e9trico Divilux.\" loading=\"lazy\" decoding=\"async\" width=\"1000\" height=\"1500\" data-id=\"9059\" src=\"https:\/\/divilux.pt\/wp-content\/uploads\/2023\/11\/Divilux_Concreta_11-1.jpg\" alt=\"\" class=\"wp-image-9059\"\/><\/figure>\n\n\n\n<figure class=\"wp-block-image size-large\"><img alt=\"Stand da Divilux na feira Concreta 2023\" loading=\"lazy\" decoding=\"async\" width=\"1000\" height=\"1500\" data-id=\"9063\" src=\"https:\/\/divilux.pt\/wp-content\/uploads\/2023\/11\/Divilux_Concreta_12-1.jpg\" alt=\"\" class=\"wp-image-9063\"\/><\/figure>\n\n\n\n<figure class=\"wp-block-image size-large\"><img alt=\"Pessoa mostrando amostras de vidro e madeira, A21.\" loading=\"lazy\" decoding=\"async\" width=\"1000\" height=\"1500\" data-id=\"9075\" src=\"https:\/\/divilux.pt\/wp-content\/uploads\/2023\/11\/Divilux_Concreta_15-1.jpg\" alt=\"\" class=\"wp-image-9075\"\/><\/figure>\n\n\n\n<figure class=\"wp-block-image size-large\"><img alt=\"Pessoa folheando cat\u00e1logo de design moderno.\" loading=\"lazy\" decoding=\"async\" width=\"1000\" height=\"1500\" data-id=\"9079\" src=\"https:\/\/divilux.pt\/wp-content\/uploads\/2023\/11\/Divilux_Concreta_17-1.jpg\" alt=\"\" class=\"wp-image-9079\"\/><\/figure>\n<\/figure>\n\n<figure class=\"wp-block-gallery has-nested-images columns-default is-cropped wp-block-gallery-3 is-layout-flex wp-block-gallery-is-layout-flex\">\n<figure class=\"wp-block-image size-large\"><img alt=\"Amostras de janelas de madeira com vidro transparente.\" loading=\"lazy\" decoding=\"async\" width=\"1000\" height=\"667\" data-id=\"9027\" src=\"https:\/\/divilux.pt\/wp-content\/uploads\/2023\/11\/Divilux_Concreta_2-1.jpg\" alt=\"\" class=\"wp-image-9027\"\/><\/figure>\n\n\n\n<figure class=\"wp-block-image size-full\"><img alt=\"Perfis de janelas com corte t\u00e9rmico em exposi\u00e7\u00e3o\" loading=\"lazy\" decoding=\"async\" width=\"1000\" height=\"667\" data-id=\"9067\" src=\"https:\/\/divilux.pt\/wp-content\/uploads\/2023\/11\/Divilux_Concreta_13-1.jpg\" alt=\"\" class=\"wp-image-9067\"\/><\/figure>\n<\/figure>\n\n<figure class=\"wp-block-image size-full\"><img alt=\"Livros empilhados pr\u00f3ximos a um expositor Divilux.\" loading=\"lazy\" decoding=\"async\" width=\"1000\" height=\"667\" src=\"https:\/\/divilux.pt\/wp-content\/uploads\/2023\/11\/Divilux_Concreta_5-1.jpg\" alt=\"\" class=\"wp-image-9039\"\/><\/figure>\n","protected":false},"excerpt":{"rendered":"<p>On the 16th and 17th of November, Divilux had the honor of participating in the 1st edition of +Concreta 2023. +Concreta 2023, themed &#8220;The Future is Ecological,&#8221; proved to be an extraordinary and exclusive event in the field of architectural finishes, surpassing our expectations. The&#8230;<\/p>\n","protected":false},"author":2,"featured_media":8939,"comment_status":"closed","ping_status":"closed","sticky":false,"template":"","format":"standard","meta":{"_seopress_robots_primary_cat":"0","_seopress_titles_title":"","_seopress_titles_desc":"Explore Divilux's role at +Concreta 2023, where the theme 'The Future is Ecological' sets the stage for innovation in architectural finishes.","_seopress_robots_index":"","footnotes":""},"categories":[45],"tags":[],"class_list":["post-8930","post","type-post","status-publish","format-standard","has-post-thumbnail","hentry","category-news"],"_links":{"self":[{"href":"https:\/\/divilux.pt\/en\/wp-json\/wp\/v2\/posts\/8930","targetHints":{"allow":["GET"]}}],"collection":[{"href":"https:\/\/divilux.pt\/en\/wp-json\/wp\/v2\/posts"}],"about":[{"href":"https:\/\/divilux.pt\/en\/wp-json\/wp\/v2\/types\/post"}],"author":[{"embeddable":true,"href":"https:\/\/divilux.pt\/en\/wp-json\/wp\/v2\/users\/2"}],"replies":[{"embeddable":true,"href":"https:\/\/divilux.pt\/en\/wp-json\/wp\/v2\/comments?post=8930"}],"version-history":[{"count":6,"href":"https:\/\/divilux.pt\/en\/wp-json\/wp\/v2\/posts\/8930\/revisions"}],"predecessor-version":[{"id":9117,"href":"https:\/\/divilux.pt\/en\/wp-json\/wp\/v2\/posts\/8930\/revisions\/9117"}],"wp:featuredmedia":[{"embeddable":true,"href":"https:\/\/divilux.pt\/en\/wp-json\/wp\/v2\/media\/8939"}],"wp:attachment":[{"href":"https:\/\/divilux.pt\/en\/wp-json\/wp\/v2\/media?parent=8930"}],"wp:term":[{"taxonomy":"category","embeddable":true,"href":"https:\/\/divilux.pt\/en\/wp-json\/wp\/v2\/categories?post=8930"},{"taxonomy":"post_tag","embeddable":true,"href":"https:\/\/divilux.pt\/en\/wp-json\/wp\/v2\/tags?post=8930"}],"curies":[{"name":"wp","href":"https:\/\/api.w.org\/{rel}","templated":true}]}}